{"id":5789,"date":"2025-08-22T13:10:46","date_gmt":"2025-08-22T13:10:46","guid":{"rendered":"https:\/\/la100rosario.com.ar\/2024\/?p=5789"},"modified":"2025-08-22T13:10:46","modified_gmt":"2025-08-22T13:10:46","slug":"el-futbolista-kevin-gutierrez-choco-mientras-manejaba-al-entrenamiento-de-central-en-arroyo-seco","status":"publish","type":"post","link":"https:\/\/la100rosario.com.ar\/2024\/el-futbolista-kevin-gutierrez-choco-mientras-manejaba-al-entrenamiento-de-central-en-arroyo-seco\/","title":{"rendered":"El futbolista Kevin Guti\u00e9rrez choc\u00f3 mientras manejaba al entrenamiento de Central en Arroyo Seco"},"content":{"rendered":"\n<p>El futbolista de Rosario Central Kevin Guti\u00e9rrez choc\u00f3 con su auto este viernes en la autopista Rosario-Buenos Aires mientras se dirig\u00eda al entrenamiento del club auriazul.<\/p>\n\n\n\n<p>El episodio tuvo lugar esta ma\u00f1ana en la mano que va hacia el sur, a la altura del peaje de General Lagos, cuando el joven de 19 a\u00f1os conduc\u00eda hacia el predio de Arroyo Seco para el entrenamiento matutino.&nbsp;<\/p>\n\n\n\n<p>Seg\u00fan confirm\u00f3 la instituci\u00f3n deportiva, el siniestro vial \u201cno tuvo consecuencias de gravedad\u201d y el volante fue trasladado a un sanatorio \u00abpara ser evaluado\u201d. Por otra parte, el veh\u00edculo termin\u00f3 con da\u00f1os importantes en la parte delantera.<\/p>\n\n\n\n<p>La circulaci\u00f3n en la mano afectada qued\u00f3 reducida a un \u00fanico carril y la polic\u00eda se hizo presente en el lugar. Adem\u00e1s, Guti\u00e9rrez fue acompa\u00f1ado y asistido por algunos de sus compa\u00f1eros de plantel, incluyendo referentes como Ignacio Malcorra, Carlos Quintana y \u00c1ngel Di Mar\u00eda.<\/p>\n\n\n\n<p>El choque se produjo en una ma\u00f1ana convulsionada para la autopista a Buenos Aires, ya que en las horas previas se hab\u00edan registrado dos siniestros que ocasionaron demoras y desv\u00edos. Uno de los hechos ocurri\u00f3 cerca de las 6:00, cuando un cami\u00f3n que transportaba harina colision\u00f3 con otro a la altura de Villa Gobernador G\u00e1lvez y desparram\u00f3 su carga por la mano que va en direcci\u00f3n a Rosario, provocando un corte total del tr\u00e1nsito desde temprano.<\/p>\n","protected":false},"excerpt":{"rendered":"<p>El siniestro vial ocurri\u00f3 este viernes por la ma\u00f1ana en la autopista Rosario-Buenos Aires, a la altura del peaje de General Lagos. El jugador de 19 a\u00f1os se encuentra bien y fue asistido por sus compa\u00f1eros de equipo antes de ser llevado a un sanatorio.<\/p>\n","protected":false},"author":4,"featured_media":5790,"comment_status":"open","ping_status":"open","sticky":false,"template":"","format":"standard","meta":{"h5ap_radio_sources":[],"footnotes":""},"categories":[1],"tags":[],"class_list":["post-5789","post","type-post","status-publish","format-standard","has-post-thumbnail","hentry","category-noticias"],"_links":{"self":[{"href":"https:\/\/la100rosario.com.ar\/2024\/wp-json\/wp\/v2\/posts\/5789","targetHints":{"allow":["GET"]}}],"collection":[{"href":"https:\/\/la100rosario.com.ar\/2024\/wp-json\/wp\/v2\/posts"}],"about":[{"href":"https:\/\/la100rosario.com.ar\/2024\/wp-json\/wp\/v2\/types\/post"}],"author":[{"embeddable":true,"href":"https:\/\/la100rosario.com.ar\/2024\/wp-json\/wp\/v2\/users\/4"}],"replies":[{"embeddable":true,"href":"https:\/\/la100rosario.com.ar\/2024\/wp-json\/wp\/v2\/comments?post=5789"}],"version-history":[{"count":1,"href":"https:\/\/la100rosario.com.ar\/2024\/wp-json\/wp\/v2\/posts\/5789\/revisions"}],"predecessor-version":[{"id":5791,"href":"https:\/\/la100rosario.com.ar\/2024\/wp-json\/wp\/v2\/posts\/5789\/revisions\/5791"}],"wp:featuredmedia":[{"embeddable":true,"href":"https:\/\/la100rosario.com.ar\/2024\/wp-json\/wp\/v2\/media\/5790"}],"wp:attachment":[{"href":"https:\/\/la100rosario.com.ar\/2024\/wp-json\/wp\/v2\/media?parent=5789"}],"wp:term":[{"taxonomy":"category","embeddable":true,"href":"https:\/\/la100rosario.com.ar\/2024\/wp-json\/wp\/v2\/categories?post=5789"},{"taxonomy":"post_tag","embeddable":true,"href":"https:\/\/la100rosario.com.ar\/2024\/wp-json\/wp\/v2\/tags?post=5789"}],"curies":[{"name":"wp","href":"https:\/\/api.w.org\/{rel}","templated":true}]}}